{"id":2795,"date":"2023-05-26T10:31:57","date_gmt":"2023-05-26T08:31:57","guid":{"rendered":"https:\/\/alextool.eu\/?p=1"},"modified":"2024-12-10T11:14:21","modified_gmt":"2024-12-10T10:14:21","slug":"bonjour-tout-le-monde-2","status":"publish","type":"post","link":"https:\/\/www.didier-formet-photographie.com\/index.php\/2023\/05\/26\/bonjour-tout-le-monde-2\/","title":{"rendered":"Pas de shooting chez Didier Formet Photographie !"},"content":{"rendered":"\n<p>C&rsquo;est vrai que \u00ab\u00a0s\u00e9ance photo\u00a0\u00bb, ou \u00ab\u00a0s\u00e9ance de prise de vues\u00a0\u00bb ou \u00ab\u00a0s\u00e9ance de pose\u00a0\u00bb \u00e7a fait XX<sup>\u00e8me<\/sup> si\u00e8cle, et c&rsquo;est plus long.<\/p>\n\n\n\n<p>Eh bien tant pis!<\/p>\n\n\n\n<p>Pour moi, l&#8217;emploi du terme <em><strong>shooting<\/strong><\/em> (litt\u00e9ralement : tirer, comme \u00e0 la chasse), c&rsquo;est vulgaire et racoleur. Cela pr\u00e9sente le sujet &#8211; la personne qui pose &#8211; comme une cible ou un gibier. J&rsquo;y vois un manque de respect.<\/p>\n\n\n\n<p>J&rsquo;y vois un terme industriel, qui \u00e9voque un travail de masse, voire des rafales de photos. Je ne fais jamais de rafale, chaque prise de vue est un aboutissement.<\/p>\n\n\n\n<p>Je vous attends donc avec plaisir pour une prochaine s\u00e9ance photo.<\/p>\n\n\n\n<p><\/p>\n","protected":false},"excerpt":{"rendered":"<p>C&rsquo;est vrai que \u00ab\u00a0s\u00e9ance photo\u00a0\u00bb, ou \u00ab\u00a0s\u00e9ance de prise de vues\u00a0\u00bb ou \u00ab\u00a0s\u00e9ance de pose\u00a0\u00bb \u00e7a fait XX\u00e8me si\u00e8cle, et c&rsquo;est plus long. Eh bien tant pis! Pour moi, l&#8217;emploi du terme shooting (litt\u00e9ralement : tirer, comme \u00e0 la chasse), c&rsquo;est vulgaire et racoleur. Cela pr\u00e9sente le sujet &#8211; la personne qui pose &#8211; comme &hellip; <\/p>\n<p class=\"link-more\"><a href=\"https:\/\/www.didier-formet-photographie.com\/index.php\/2023\/05\/26\/bonjour-tout-le-monde-2\/\" class=\"more-link\">Continuer la lecture<span class=\"screen-reader-text\"> de &laquo;&nbsp;Pas de shooting chez Didier Formet Photographie !&nbsp;&raquo;<\/span><\/a><\/p>\n","protected":false},"author":1,"featured_media":0,"comment_status":"open","ping_status":"open","sticky":false,"template":"","format":"standard","meta":{"footnotes":""},"categories":[17],"tags":[14,19,15,13,16,18,10,12,11,20],"class_list":["post-2795","post","type-post","status-publish","format-standard","hentry","category-ariclesdf","tag-bourgogne","tag-conceptualisation","tag-cotedor","tag-dijon","tag-marsannaylacote","tag-philosophie","tag-photographe","tag-portrait","tag-portraitiste","tag-singularite"],"yoast_head":"<!-- This site is optimized with the Yoast SEO plugin v25.3.1 - https:\/\/yoast.com\/wordpress\/plugins\/seo\/ -->\n<title>Pas de shooting chez Didier Formet Photographie ! - Didier Formet Photographie<\/title>\n<meta name=\"robots\" content=\"index, follow, max-snippet:-1, max-image-preview:large, max-video-preview:-1\" \/>\n<link rel=\"canonical\" href=\"https:\/\/www.didier-formet-photographie.com\/index.php\/2023\/05\/26\/bonjour-tout-le-monde-2\/\" \/>\n<meta property=\"og:locale\" content=\"fr_FR\" \/>\n<meta property=\"og:type\" content=\"article\" \/>\n<meta property=\"og:title\" content=\"Pas de shooting chez Didier Formet Photographie ! - Didier Formet Photographie\" \/>\n<meta property=\"og:description\" content=\"C&rsquo;est vrai que \u00ab\u00a0s\u00e9ance photo\u00a0\u00bb, ou \u00ab\u00a0s\u00e9ance de prise de vues\u00a0\u00bb ou \u00ab\u00a0s\u00e9ance de pose\u00a0\u00bb \u00e7a fait XX\u00e8me si\u00e8cle, et c&rsquo;est plus long. Eh bien tant pis! Pour moi, l&#8217;emploi du terme shooting (litt\u00e9ralement : tirer, comme \u00e0 la chasse), c&rsquo;est vulgaire et racoleur. Cela pr\u00e9sente le sujet &#8211; la personne qui pose &#8211; comme &hellip; Continuer la lecture de &laquo;&nbsp;Pas de shooting chez Didier Formet Photographie !&nbsp;&raquo;\" \/>\n<meta property=\"og:url\" content=\"https:\/\/www.didier-formet-photographie.com\/index.php\/2023\/05\/26\/bonjour-tout-le-monde-2\/\" \/>\n<meta property=\"og:site_name\" content=\"Didier Formet Photographie\" \/>\n<meta property=\"article:publisher\" content=\"https:\/\/www.facebook.com\/didierformetphotographe\/\" \/>\n<meta property=\"article:author\" content=\"https:\/\/www.facebook.com\/didierformetphotographe\/\" \/>\n<meta property=\"article:published_time\" content=\"2023-05-26T08:31:57+00:00\" \/>\n<meta property=\"article:modified_time\" content=\"2024-12-10T10:14:21+00:00\" \/>\n<meta property=\"og:image\" content=\"https:\/\/www.didier-formet-photographie.com\/wp-content\/uploads\/2021\/11\/df-portraitiste-valide-blanc-elargi-bandeau-5-scaled.jpg\" \/>\n\t<meta property=\"og:image:width\" content=\"2560\" \/>\n\t<meta property=\"og:image:height\" content=\"1067\" \/>\n\t<meta property=\"og:image:type\" content=\"image\/jpeg\" \/>\n<meta name=\"author\" content=\"Didier Formet\" \/>\n<meta name=\"twitter:card\" content=\"summary_large_image\" \/>\n<meta name=\"twitter:label1\" content=\"\u00c9crit par\" \/>\n\t<meta name=\"twitter:data1\" content=\"Didier Formet\" \/>\n\t<meta name=\"twitter:label2\" content=\"Dur\u00e9e de lecture estim\u00e9e\" \/>\n\t<meta name=\"twitter:data2\" content=\"1 minute\" \/>\n<script type=\"application\/ld+json\" class=\"yoast-schema-graph\">{\"@context\":\"https:\/\/schema.org\",\"@graph\":[{\"@type\":\"Article\",\"@id\":\"https:\/\/www.didier-formet-photographie.com\/index.php\/2023\/05\/26\/bonjour-tout-le-monde-2\/#article\",\"isPartOf\":{\"@id\":\"https:\/\/www.didier-formet-photographie.com\/index.php\/2023\/05\/26\/bonjour-tout-le-monde-2\/\"},\"author\":{\"name\":\"Didier Formet\",\"@id\":\"https:\/\/www.didier-formet-photographie.com\/#\/schema\/person\/bfb3590d294173992e9f8043d8521864\"},\"headline\":\"Pas de shooting chez Didier Formet Photographie !\",\"datePublished\":\"2023-05-26T08:31:57+00:00\",\"dateModified\":\"2024-12-10T10:14:21+00:00\",\"mainEntityOfPage\":{\"@id\":\"https:\/\/www.didier-formet-photographie.com\/index.php\/2023\/05\/26\/bonjour-tout-le-monde-2\/\"},\"wordCount\":125,\"commentCount\":0,\"publisher\":{\"@id\":\"https:\/\/www.didier-formet-photographie.com\/#\/schema\/person\/bfb3590d294173992e9f8043d8521864\"},\"keywords\":[\"bourgogne\",\"conceptualisation\",\"cotedor\",\"dijon\",\"marsannaylacote\",\"philosophie\",\"photographe\",\"portrait\",\"portraitiste\",\"singularit\u00e9\"],\"articleSection\":[\"AriclesDF\"],\"inLanguage\":\"fr-FR\",\"potentialAction\":[{\"@type\":\"CommentAction\",\"name\":\"Comment\",\"target\":[\"https:\/\/www.didier-formet-photographie.com\/index.php\/2023\/05\/26\/bonjour-tout-le-monde-2\/#respond\"]}]},{\"@type\":\"WebPage\",\"@id\":\"https:\/\/www.didier-formet-photographie.com\/index.php\/2023\/05\/26\/bonjour-tout-le-monde-2\/\",\"url\":\"https:\/\/www.didier-formet-photographie.com\/index.php\/2023\/05\/26\/bonjour-tout-le-monde-2\/\",\"name\":\"Pas de shooting chez Didier Formet Photographie ! - Didier Formet Photographie\",\"isPartOf\":{\"@id\":\"https:\/\/www.didier-formet-photographie.com\/#website\"},\"datePublished\":\"2023-05-26T08:31:57+00:00\",\"dateModified\":\"2024-12-10T10:14:21+00:00\",\"breadcrumb\":{\"@id\":\"https:\/\/www.didier-formet-photographie.com\/index.php\/2023\/05\/26\/bonjour-tout-le-monde-2\/#breadcrumb\"},\"inLanguage\":\"fr-FR\",\"potentialAction\":[{\"@type\":\"ReadAction\",\"target\":[\"https:\/\/www.didier-formet-photographie.com\/index.php\/2023\/05\/26\/bonjour-tout-le-monde-2\/\"]}]},{\"@type\":\"BreadcrumbList\",\"@id\":\"https:\/\/www.didier-formet-photographie.com\/index.php\/2023\/05\/26\/bonjour-tout-le-monde-2\/#breadcrumb\",\"itemListElement\":[{\"@type\":\"ListItem\",\"position\":1,\"name\":\"Accueil\",\"item\":\"https:\/\/www.didier-formet-photographie.com\/\"},{\"@type\":\"ListItem\",\"position\":2,\"name\":\"Pas de shooting chez Didier Formet Photographie !\"}]},{\"@type\":\"WebSite\",\"@id\":\"https:\/\/www.didier-formet-photographie.com\/#website\",\"url\":\"https:\/\/www.didier-formet-photographie.com\/\",\"name\":\"Didier Formet Photographie\",\"description\":\"Votre portraitiste\",\"publisher\":{\"@id\":\"https:\/\/www.didier-formet-photographie.com\/#\/schema\/person\/bfb3590d294173992e9f8043d8521864\"},\"potentialAction\":[{\"@type\":\"SearchAction\",\"target\":{\"@type\":\"EntryPoint\",\"urlTemplate\":\"https:\/\/www.didier-formet-photographie.com\/?s={search_term_string}\"},\"query-input\":{\"@type\":\"PropertyValueSpecification\",\"valueRequired\":true,\"valueName\":\"search_term_string\"}}],\"inLanguage\":\"fr-FR\"},{\"@type\":[\"Person\",\"Organization\"],\"@id\":\"https:\/\/www.didier-formet-photographie.com\/#\/schema\/person\/bfb3590d294173992e9f8043d8521864\",\"name\":\"Didier Formet\",\"image\":{\"@type\":\"ImageObject\",\"inLanguage\":\"fr-FR\",\"@id\":\"https:\/\/www.didier-formet-photographie.com\/#\/schema\/person\/image\/\",\"url\":\"https:\/\/www.didier-formet-photographie.com\/wp-content\/uploads\/2023\/11\/df-portraitiste-blanc-fond-bleu.jpg\",\"contentUrl\":\"https:\/\/www.didier-formet-photographie.com\/wp-content\/uploads\/2023\/11\/df-portraitiste-blanc-fond-bleu.jpg\",\"width\":2481,\"height\":2481,\"caption\":\"Didier Formet\"},\"logo\":{\"@id\":\"https:\/\/www.didier-formet-photographie.com\/#\/schema\/person\/image\/\"},\"description\":\"Consultant et photographe, deux vrais m\u00e9tiers que je fais coexister\",\"sameAs\":[\"http:\/\/www.didier-formet-photographie.com\",\"https:\/\/www.facebook.com\/didierformetphotographe\/\",\"https:\/\/www.instagram.com\/didierformetphotographie\/\"],\"url\":\"https:\/\/www.didier-formet-photographie.com\/index.php\/author\/deephe\/\"}]}<\/script>\n<!-- \/ Yoast SEO plugin. -->","yoast_head_json":{"title":"Pas de shooting chez Didier Formet Photographie ! - Didier Formet Photographie","robots":{"index":"index","follow":"follow","max-snippet":"max-snippet:-1","max-image-preview":"max-image-preview:large","max-video-preview":"max-video-preview:-1"},"canonical":"https:\/\/www.didier-formet-photographie.com\/index.php\/2023\/05\/26\/bonjour-tout-le-monde-2\/","og_locale":"fr_FR","og_type":"article","og_title":"Pas de shooting chez Didier Formet Photographie ! - Didier Formet Photographie","og_description":"C&rsquo;est vrai que \u00ab\u00a0s\u00e9ance photo\u00a0\u00bb, ou \u00ab\u00a0s\u00e9ance de prise de vues\u00a0\u00bb ou \u00ab\u00a0s\u00e9ance de pose\u00a0\u00bb \u00e7a fait XX\u00e8me si\u00e8cle, et c&rsquo;est plus long. Eh bien tant pis! Pour moi, l&#8217;emploi du terme shooting (litt\u00e9ralement : tirer, comme \u00e0 la chasse), c&rsquo;est vulgaire et racoleur. Cela pr\u00e9sente le sujet &#8211; la personne qui pose &#8211; comme &hellip; Continuer la lecture de &laquo;&nbsp;Pas de shooting chez Didier Formet Photographie !&nbsp;&raquo;","og_url":"https:\/\/www.didier-formet-photographie.com\/index.php\/2023\/05\/26\/bonjour-tout-le-monde-2\/","og_site_name":"Didier Formet Photographie","article_publisher":"https:\/\/www.facebook.com\/didierformetphotographe\/","article_author":"https:\/\/www.facebook.com\/didierformetphotographe\/","article_published_time":"2023-05-26T08:31:57+00:00","article_modified_time":"2024-12-10T10:14:21+00:00","og_image":[{"width":2560,"height":1067,"url":"https:\/\/www.didier-formet-photographie.com\/wp-content\/uploads\/2021\/11\/df-portraitiste-valide-blanc-elargi-bandeau-5-scaled.jpg","type":"image\/jpeg"}],"author":"Didier Formet","twitter_card":"summary_large_image","twitter_misc":{"\u00c9crit par":"Didier Formet","Dur\u00e9e de lecture estim\u00e9e":"1 minute"},"schema":{"@context":"https:\/\/schema.org","@graph":[{"@type":"Article","@id":"https:\/\/www.didier-formet-photographie.com\/index.php\/2023\/05\/26\/bonjour-tout-le-monde-2\/#article","isPartOf":{"@id":"https:\/\/www.didier-formet-photographie.com\/index.php\/2023\/05\/26\/bonjour-tout-le-monde-2\/"},"author":{"name":"Didier Formet","@id":"https:\/\/www.didier-formet-photographie.com\/#\/schema\/person\/bfb3590d294173992e9f8043d8521864"},"headline":"Pas de shooting chez Didier Formet Photographie !","datePublished":"2023-05-26T08:31:57+00:00","dateModified":"2024-12-10T10:14:21+00:00","mainEntityOfPage":{"@id":"https:\/\/www.didier-formet-photographie.com\/index.php\/2023\/05\/26\/bonjour-tout-le-monde-2\/"},"wordCount":125,"commentCount":0,"publisher":{"@id":"https:\/\/www.didier-formet-photographie.com\/#\/schema\/person\/bfb3590d294173992e9f8043d8521864"},"keywords":["bourgogne","conceptualisation","cotedor","dijon","marsannaylacote","philosophie","photographe","portrait","portraitiste","singularit\u00e9"],"articleSection":["AriclesDF"],"inLanguage":"fr-FR","potentialAction":[{"@type":"CommentAction","name":"Comment","target":["https:\/\/www.didier-formet-photographie.com\/index.php\/2023\/05\/26\/bonjour-tout-le-monde-2\/#respond"]}]},{"@type":"WebPage","@id":"https:\/\/www.didier-formet-photographie.com\/index.php\/2023\/05\/26\/bonjour-tout-le-monde-2\/","url":"https:\/\/www.didier-formet-photographie.com\/index.php\/2023\/05\/26\/bonjour-tout-le-monde-2\/","name":"Pas de shooting chez Didier Formet Photographie ! - Didier Formet Photographie","isPartOf":{"@id":"https:\/\/www.didier-formet-photographie.com\/#website"},"datePublished":"2023-05-26T08:31:57+00:00","dateModified":"2024-12-10T10:14:21+00:00","breadcrumb":{"@id":"https:\/\/www.didier-formet-photographie.com\/index.php\/2023\/05\/26\/bonjour-tout-le-monde-2\/#breadcrumb"},"inLanguage":"fr-FR","potentialAction":[{"@type":"ReadAction","target":["https:\/\/www.didier-formet-photographie.com\/index.php\/2023\/05\/26\/bonjour-tout-le-monde-2\/"]}]},{"@type":"BreadcrumbList","@id":"https:\/\/www.didier-formet-photographie.com\/index.php\/2023\/05\/26\/bonjour-tout-le-monde-2\/#breadcrumb","itemListElement":[{"@type":"ListItem","position":1,"name":"Accueil","item":"https:\/\/www.didier-formet-photographie.com\/"},{"@type":"ListItem","position":2,"name":"Pas de shooting chez Didier Formet Photographie !"}]},{"@type":"WebSite","@id":"https:\/\/www.didier-formet-photographie.com\/#website","url":"https:\/\/www.didier-formet-photographie.com\/","name":"Didier Formet Photographie","description":"Votre portraitiste","publisher":{"@id":"https:\/\/www.didier-formet-photographie.com\/#\/schema\/person\/bfb3590d294173992e9f8043d8521864"},"potentialAction":[{"@type":"SearchAction","target":{"@type":"EntryPoint","urlTemplate":"https:\/\/www.didier-formet-photographie.com\/?s={search_term_string}"},"query-input":{"@type":"PropertyValueSpecification","valueRequired":true,"valueName":"search_term_string"}}],"inLanguage":"fr-FR"},{"@type":["Person","Organization"],"@id":"https:\/\/www.didier-formet-photographie.com\/#\/schema\/person\/bfb3590d294173992e9f8043d8521864","name":"Didier Formet","image":{"@type":"ImageObject","inLanguage":"fr-FR","@id":"https:\/\/www.didier-formet-photographie.com\/#\/schema\/person\/image\/","url":"https:\/\/www.didier-formet-photographie.com\/wp-content\/uploads\/2023\/11\/df-portraitiste-blanc-fond-bleu.jpg","contentUrl":"https:\/\/www.didier-formet-photographie.com\/wp-content\/uploads\/2023\/11\/df-portraitiste-blanc-fond-bleu.jpg","width":2481,"height":2481,"caption":"Didier Formet"},"logo":{"@id":"https:\/\/www.didier-formet-photographie.com\/#\/schema\/person\/image\/"},"description":"Consultant et photographe, deux vrais m\u00e9tiers que je fais coexister","sameAs":["http:\/\/www.didier-formet-photographie.com","https:\/\/www.facebook.com\/didierformetphotographe\/","https:\/\/www.instagram.com\/didierformetphotographie\/"],"url":"https:\/\/www.didier-formet-photographie.com\/index.php\/author\/deephe\/"}]}},"_links":{"self":[{"href":"https:\/\/www.didier-formet-photographie.com\/index.php\/wp-json\/wp\/v2\/posts\/2795","targetHints":{"allow":["GET"]}}],"collection":[{"href":"https:\/\/www.didier-formet-photographie.com\/index.php\/wp-json\/wp\/v2\/posts"}],"about":[{"href":"https:\/\/www.didier-formet-photographie.com\/index.php\/wp-json\/wp\/v2\/types\/post"}],"author":[{"embeddable":true,"href":"https:\/\/www.didier-formet-photographie.com\/index.php\/wp-json\/wp\/v2\/users\/1"}],"replies":[{"embeddable":true,"href":"https:\/\/www.didier-formet-photographie.com\/index.php\/wp-json\/wp\/v2\/comments?post=2795"}],"version-history":[{"count":6,"href":"https:\/\/www.didier-formet-photographie.com\/index.php\/wp-json\/wp\/v2\/posts\/2795\/revisions"}],"predecessor-version":[{"id":3748,"href":"https:\/\/www.didier-formet-photographie.com\/index.php\/wp-json\/wp\/v2\/posts\/2795\/revisions\/3748"}],"wp:attachment":[{"href":"https:\/\/www.didier-formet-photographie.com\/index.php\/wp-json\/wp\/v2\/media?parent=2795"}],"wp:term":[{"taxonomy":"category","embeddable":true,"href":"https:\/\/www.didier-formet-photographie.com\/index.php\/wp-json\/wp\/v2\/categories?post=2795"},{"taxonomy":"post_tag","embeddable":true,"href":"https:\/\/www.didier-formet-photographie.com\/index.php\/wp-json\/wp\/v2\/tags?post=2795"}],"curies":[{"name":"wp","href":"https:\/\/api.w.org\/{rel}","templated":true}]}}