{"id":3636,"date":"2023-11-23T10:08:17","date_gmt":"2023-11-23T09:08:17","guid":{"rendered":"https:\/\/www.didier-formet-photographie.com\/?p=3636"},"modified":"2024-12-10T11:10:51","modified_gmt":"2024-12-10T10:10:51","slug":"zero-photoshop","status":"publish","type":"post","link":"https:\/\/www.didier-formet-photographie.com\/index.php\/2023\/11\/23\/zero-photoshop\/","title":{"rendered":"Z\u00e9ro photoshop ?!"},"content":{"rendered":"\n<p>Il m&rsquo;arrive parfois innocemment de dire que je n&rsquo;utilise pas Photoshop<sup>(c)<\/sup>. Certains clients pensent (sans le dire, ils sont polis et bien \u00e9lev\u00e9s)\u00a0: \u00ab\u00a0est-ce un vrai photographe, un professionnel, s&rsquo;il n&rsquo;utilise pas Photoshop\u00a0?\u00a0\u00bb.<\/p>\n\n\n\n<p>Cela peut \u00eatre per\u00e7u de ma part comme une attitude r\u00e9trograde, anti-progr\u00e8s, anti-multinationale&#8230;<\/p>\n\n\n\n<p>Pourquoi en effet se priver d&rsquo;un outil puissant qu&rsquo;utilisent beaucoup de photographes et autres m\u00e9tiers de l&rsquo;image?<\/p>\n\n\n\n<p>Il est vrai que cet outil permet de transformer des photos plates, banales, en photos attrayantes. De raviver des couleurs ternes &#8211; un peu comme certaines lessives &#8211; et les rendres \u00e9clatantes.<\/p>\n\n\n\n<p>Certaines photos trait\u00e9es par Photoshop sont parfois tellement merveilleuses, on en a les yeux qui brillent&nbsp;!<\/p>\n\n\n\n<p>A quel moment a-t-on quitt\u00e9 la r\u00e9alit\u00e9?<\/p>\n\n\n\n<p>O\u00f9 se situe le curseur entre la simple am\u00e9lioration et la r\u00e9interpr\u00e9tation de la r\u00e9alit\u00e9?<\/p>\n\n\n\n<p>Pourquoi va-t&rsquo;on s&rsquo;\u00e9merveiller devant une photo trafiqu\u00e9e, maquill\u00e9e comme une voiture vol\u00e9e, alors qu&rsquo;on ne jetterait m\u00eame pas un coup d&rsquo;oeil sur la prise de vue originale?<\/p>\n\n\n\n<p>Une image qui est tellement \u00e9loign\u00e9e, tellement diff\u00e9rente de sa prise de vue initiale, peut-elle encore \u00eatre appel\u00e9e une photo&nbsp;? Je consid\u00e8re que non.<\/p>\n\n\n\n<p>A partir de quand n&rsquo;est-on plus photographe, mais devient-on graphiste ou illustrateur&nbsp;? Ce sont de beaux m\u00e9tiers, mais ce ne sont pas les m\u00eames, certains n&rsquo;h\u00e9sitent pas \u00e0 les fusionner.<\/p>\n\n\n\n<p>Il y a pour moi un impact soci\u00e9tal de Photoshop, autrement dit ce logiciel transforme notre soci\u00e9t\u00e9, et modifie &#8211; n&rsquo;ayons pas peur des mots &#8211; notre civilisation. En effet, le regard s&rsquo;\u00e9duque. Depuis des ann\u00e9es on nous donne \u00e0 voir des images tellement merveilleuses, extra-ordinaires, que notre regard attend encore plus, dans la surench\u00e8re permanente. Comme certaines drogues auquel le cerveau s&rsquo;accoutume, il faut augmenter les doses. On ne veut pas voir du beau, mais du super-beau&nbsp;!<\/p>\n\n\n\n<p>Ma vision de la photographie, c&rsquo;est que l&rsquo;essentiel de la beaut\u00e9, de la puissance d&rsquo;une image se joue \u00e0 la prise de vue, et que le traitement, la post-production ne devraient am\u00e9liorer l&rsquo;image que de mani\u00e8re marginale.<\/p>\n\n\n\n<p>Sans en faire une croisade pour autant, ne vous \u00e9tonnez pas si vous remarquez #zerophotoshop associ\u00e9 \u00e0 mes photos.<\/p>\n","protected":false},"excerpt":{"rendered":"<p>Il m&rsquo;arrive parfois innocemment de dire que je n&rsquo;utilise pas Photoshop(c). Certains clients pensent (sans le dire, ils sont polis et bien \u00e9lev\u00e9s)\u00a0: \u00ab\u00a0est-ce un vrai photographe, un professionnel, s&rsquo;il n&rsquo;utilise pas Photoshop\u00a0?\u00a0\u00bb. Cela peut \u00eatre per\u00e7u de ma part comme une attitude r\u00e9trograde, anti-progr\u00e8s, anti-multinationale&#8230; Pourquoi en effet se priver d&rsquo;un outil puissant qu&rsquo;utilisent &hellip; <\/p>\n<p class=\"link-more\"><a href=\"https:\/\/www.didier-formet-photographie.com\/index.php\/2023\/11\/23\/zero-photoshop\/\" class=\"more-link\">Continuer la lecture<span class=\"screen-reader-text\"> de &laquo;&nbsp;Z\u00e9ro photoshop ?!&nbsp;&raquo;<\/span><\/a><\/p>\n","protected":false},"author":1,"featured_media":0,"comment_status":"open","ping_status":"open","sticky":false,"template":"","format":"standard","meta":{"footnotes":""},"categories":[17],"tags":[19,13,16,18,10,12,11,20],"class_list":["post-3636","post","type-post","status-publish","format-standard","hentry","category-ariclesdf","tag-conceptualisation","tag-dijon","tag-marsannaylacote","tag-philosophie","tag-photographe","tag-portrait","tag-portraitiste","tag-singularite"],"yoast_head":"<!-- This site is optimized with the Yoast SEO plugin v25.3.1 - https:\/\/yoast.com\/wordpress\/plugins\/seo\/ -->\n<title>Z\u00e9ro photoshop ?! - Didier Formet Photographie<\/title>\n<meta name=\"robots\" content=\"index, follow, max-snippet:-1, max-image-preview:large, max-video-preview:-1\" \/>\n<link rel=\"canonical\" href=\"https:\/\/www.didier-formet-photographie.com\/index.php\/2023\/11\/23\/zero-photoshop\/\" \/>\n<meta property=\"og:locale\" content=\"fr_FR\" \/>\n<meta property=\"og:type\" content=\"article\" \/>\n<meta property=\"og:title\" content=\"Z\u00e9ro photoshop ?! - Didier Formet Photographie\" \/>\n<meta property=\"og:description\" content=\"Il m&rsquo;arrive parfois innocemment de dire que je n&rsquo;utilise pas Photoshop(c). Certains clients pensent (sans le dire, ils sont polis et bien \u00e9lev\u00e9s)\u00a0: \u00ab\u00a0est-ce un vrai photographe, un professionnel, s&rsquo;il n&rsquo;utilise pas Photoshop\u00a0?\u00a0\u00bb. Cela peut \u00eatre per\u00e7u de ma part comme une attitude r\u00e9trograde, anti-progr\u00e8s, anti-multinationale&#8230; Pourquoi en effet se priver d&rsquo;un outil puissant qu&rsquo;utilisent &hellip; Continuer la lecture de &laquo;&nbsp;Z\u00e9ro photoshop ?!&nbsp;&raquo;\" \/>\n<meta property=\"og:url\" content=\"https:\/\/www.didier-formet-photographie.com\/index.php\/2023\/11\/23\/zero-photoshop\/\" \/>\n<meta property=\"og:site_name\" content=\"Didier Formet Photographie\" \/>\n<meta property=\"article:publisher\" content=\"https:\/\/www.facebook.com\/didierformetphotographe\/\" \/>\n<meta property=\"article:author\" content=\"https:\/\/www.facebook.com\/didierformetphotographe\/\" \/>\n<meta property=\"article:published_time\" content=\"2023-11-23T09:08:17+00:00\" \/>\n<meta property=\"article:modified_time\" content=\"2024-12-10T10:10:51+00:00\" \/>\n<meta property=\"og:image\" content=\"https:\/\/www.didier-formet-photographie.com\/wp-content\/uploads\/2021\/11\/df-portraitiste-valide-blanc-elargi-bandeau-5-scaled.jpg\" \/>\n\t<meta property=\"og:image:width\" content=\"2560\" \/>\n\t<meta property=\"og:image:height\" content=\"1067\" \/>\n\t<meta property=\"og:image:type\" content=\"image\/jpeg\" \/>\n<meta name=\"author\" content=\"Didier Formet\" \/>\n<meta name=\"twitter:card\" content=\"summary_large_image\" \/>\n<meta name=\"twitter:label1\" content=\"\u00c9crit par\" \/>\n\t<meta name=\"twitter:data1\" content=\"Didier Formet\" \/>\n\t<meta name=\"twitter:label2\" content=\"Dur\u00e9e de lecture estim\u00e9e\" \/>\n\t<meta name=\"twitter:data2\" content=\"2 minutes\" \/>\n<script type=\"application\/ld+json\" class=\"yoast-schema-graph\">{\"@context\":\"https:\/\/schema.org\",\"@graph\":[{\"@type\":\"Article\",\"@id\":\"https:\/\/www.didier-formet-photographie.com\/index.php\/2023\/11\/23\/zero-photoshop\/#article\",\"isPartOf\":{\"@id\":\"https:\/\/www.didier-formet-photographie.com\/index.php\/2023\/11\/23\/zero-photoshop\/\"},\"author\":{\"name\":\"Didier Formet\",\"@id\":\"https:\/\/www.didier-formet-photographie.com\/#\/schema\/person\/bfb3590d294173992e9f8043d8521864\"},\"headline\":\"Z\u00e9ro photoshop ?!\",\"datePublished\":\"2023-11-23T09:08:17+00:00\",\"dateModified\":\"2024-12-10T10:10:51+00:00\",\"mainEntityOfPage\":{\"@id\":\"https:\/\/www.didier-formet-photographie.com\/index.php\/2023\/11\/23\/zero-photoshop\/\"},\"wordCount\":400,\"commentCount\":5,\"publisher\":{\"@id\":\"https:\/\/www.didier-formet-photographie.com\/#\/schema\/person\/bfb3590d294173992e9f8043d8521864\"},\"keywords\":[\"conceptualisation\",\"dijon\",\"marsannaylacote\",\"philosophie\",\"photographe\",\"portrait\",\"portraitiste\",\"singularit\u00e9\"],\"articleSection\":[\"AriclesDF\"],\"inLanguage\":\"fr-FR\",\"potentialAction\":[{\"@type\":\"CommentAction\",\"name\":\"Comment\",\"target\":[\"https:\/\/www.didier-formet-photographie.com\/index.php\/2023\/11\/23\/zero-photoshop\/#respond\"]}]},{\"@type\":\"WebPage\",\"@id\":\"https:\/\/www.didier-formet-photographie.com\/index.php\/2023\/11\/23\/zero-photoshop\/\",\"url\":\"https:\/\/www.didier-formet-photographie.com\/index.php\/2023\/11\/23\/zero-photoshop\/\",\"name\":\"Z\u00e9ro photoshop ?! - Didier Formet Photographie\",\"isPartOf\":{\"@id\":\"https:\/\/www.didier-formet-photographie.com\/#website\"},\"datePublished\":\"2023-11-23T09:08:17+00:00\",\"dateModified\":\"2024-12-10T10:10:51+00:00\",\"breadcrumb\":{\"@id\":\"https:\/\/www.didier-formet-photographie.com\/index.php\/2023\/11\/23\/zero-photoshop\/#breadcrumb\"},\"inLanguage\":\"fr-FR\",\"potentialAction\":[{\"@type\":\"ReadAction\",\"target\":[\"https:\/\/www.didier-formet-photographie.com\/index.php\/2023\/11\/23\/zero-photoshop\/\"]}]},{\"@type\":\"BreadcrumbList\",\"@id\":\"https:\/\/www.didier-formet-photographie.com\/index.php\/2023\/11\/23\/zero-photoshop\/#breadcrumb\",\"itemListElement\":[{\"@type\":\"ListItem\",\"position\":1,\"name\":\"Accueil\",\"item\":\"https:\/\/www.didier-formet-photographie.com\/\"},{\"@type\":\"ListItem\",\"position\":2,\"name\":\"Z\u00e9ro photoshop ?!\"}]},{\"@type\":\"WebSite\",\"@id\":\"https:\/\/www.didier-formet-photographie.com\/#website\",\"url\":\"https:\/\/www.didier-formet-photographie.com\/\",\"name\":\"Didier Formet Photographie\",\"description\":\"Votre portraitiste\",\"publisher\":{\"@id\":\"https:\/\/www.didier-formet-photographie.com\/#\/schema\/person\/bfb3590d294173992e9f8043d8521864\"},\"potentialAction\":[{\"@type\":\"SearchAction\",\"target\":{\"@type\":\"EntryPoint\",\"urlTemplate\":\"https:\/\/www.didier-formet-photographie.com\/?s={search_term_string}\"},\"query-input\":{\"@type\":\"PropertyValueSpecification\",\"valueRequired\":true,\"valueName\":\"search_term_string\"}}],\"inLanguage\":\"fr-FR\"},{\"@type\":[\"Person\",\"Organization\"],\"@id\":\"https:\/\/www.didier-formet-photographie.com\/#\/schema\/person\/bfb3590d294173992e9f8043d8521864\",\"name\":\"Didier Formet\",\"image\":{\"@type\":\"ImageObject\",\"inLanguage\":\"fr-FR\",\"@id\":\"https:\/\/www.didier-formet-photographie.com\/#\/schema\/person\/image\/\",\"url\":\"https:\/\/www.didier-formet-photographie.com\/wp-content\/uploads\/2023\/11\/df-portraitiste-blanc-fond-bleu.jpg\",\"contentUrl\":\"https:\/\/www.didier-formet-photographie.com\/wp-content\/uploads\/2023\/11\/df-portraitiste-blanc-fond-bleu.jpg\",\"width\":2481,\"height\":2481,\"caption\":\"Didier Formet\"},\"logo\":{\"@id\":\"https:\/\/www.didier-formet-photographie.com\/#\/schema\/person\/image\/\"},\"description\":\"Consultant et photographe, deux vrais m\u00e9tiers que je fais coexister\",\"sameAs\":[\"http:\/\/www.didier-formet-photographie.com\",\"https:\/\/www.facebook.com\/didierformetphotographe\/\",\"https:\/\/www.instagram.com\/didierformetphotographie\/\"],\"url\":\"https:\/\/www.didier-formet-photographie.com\/index.php\/author\/deephe\/\"}]}<\/script>\n<!-- \/ Yoast SEO plugin. -->","yoast_head_json":{"title":"Z\u00e9ro photoshop ?! - Didier Formet Photographie","robots":{"index":"index","follow":"follow","max-snippet":"max-snippet:-1","max-image-preview":"max-image-preview:large","max-video-preview":"max-video-preview:-1"},"canonical":"https:\/\/www.didier-formet-photographie.com\/index.php\/2023\/11\/23\/zero-photoshop\/","og_locale":"fr_FR","og_type":"article","og_title":"Z\u00e9ro photoshop ?! - Didier Formet Photographie","og_description":"Il m&rsquo;arrive parfois innocemment de dire que je n&rsquo;utilise pas Photoshop(c). Certains clients pensent (sans le dire, ils sont polis et bien \u00e9lev\u00e9s)\u00a0: \u00ab\u00a0est-ce un vrai photographe, un professionnel, s&rsquo;il n&rsquo;utilise pas Photoshop\u00a0?\u00a0\u00bb. Cela peut \u00eatre per\u00e7u de ma part comme une attitude r\u00e9trograde, anti-progr\u00e8s, anti-multinationale&#8230; Pourquoi en effet se priver d&rsquo;un outil puissant qu&rsquo;utilisent &hellip; Continuer la lecture de &laquo;&nbsp;Z\u00e9ro photoshop ?!&nbsp;&raquo;","og_url":"https:\/\/www.didier-formet-photographie.com\/index.php\/2023\/11\/23\/zero-photoshop\/","og_site_name":"Didier Formet Photographie","article_publisher":"https:\/\/www.facebook.com\/didierformetphotographe\/","article_author":"https:\/\/www.facebook.com\/didierformetphotographe\/","article_published_time":"2023-11-23T09:08:17+00:00","article_modified_time":"2024-12-10T10:10:51+00:00","og_image":[{"width":2560,"height":1067,"url":"https:\/\/www.didier-formet-photographie.com\/wp-content\/uploads\/2021\/11\/df-portraitiste-valide-blanc-elargi-bandeau-5-scaled.jpg","type":"image\/jpeg"}],"author":"Didier Formet","twitter_card":"summary_large_image","twitter_misc":{"\u00c9crit par":"Didier Formet","Dur\u00e9e de lecture estim\u00e9e":"2 minutes"},"schema":{"@context":"https:\/\/schema.org","@graph":[{"@type":"Article","@id":"https:\/\/www.didier-formet-photographie.com\/index.php\/2023\/11\/23\/zero-photoshop\/#article","isPartOf":{"@id":"https:\/\/www.didier-formet-photographie.com\/index.php\/2023\/11\/23\/zero-photoshop\/"},"author":{"name":"Didier Formet","@id":"https:\/\/www.didier-formet-photographie.com\/#\/schema\/person\/bfb3590d294173992e9f8043d8521864"},"headline":"Z\u00e9ro photoshop ?!","datePublished":"2023-11-23T09:08:17+00:00","dateModified":"2024-12-10T10:10:51+00:00","mainEntityOfPage":{"@id":"https:\/\/www.didier-formet-photographie.com\/index.php\/2023\/11\/23\/zero-photoshop\/"},"wordCount":400,"commentCount":5,"publisher":{"@id":"https:\/\/www.didier-formet-photographie.com\/#\/schema\/person\/bfb3590d294173992e9f8043d8521864"},"keywords":["conceptualisation","dijon","marsannaylacote","philosophie","photographe","portrait","portraitiste","singularit\u00e9"],"articleSection":["AriclesDF"],"inLanguage":"fr-FR","potentialAction":[{"@type":"CommentAction","name":"Comment","target":["https:\/\/www.didier-formet-photographie.com\/index.php\/2023\/11\/23\/zero-photoshop\/#respond"]}]},{"@type":"WebPage","@id":"https:\/\/www.didier-formet-photographie.com\/index.php\/2023\/11\/23\/zero-photoshop\/","url":"https:\/\/www.didier-formet-photographie.com\/index.php\/2023\/11\/23\/zero-photoshop\/","name":"Z\u00e9ro photoshop ?! - Didier Formet Photographie","isPartOf":{"@id":"https:\/\/www.didier-formet-photographie.com\/#website"},"datePublished":"2023-11-23T09:08:17+00:00","dateModified":"2024-12-10T10:10:51+00:00","breadcrumb":{"@id":"https:\/\/www.didier-formet-photographie.com\/index.php\/2023\/11\/23\/zero-photoshop\/#breadcrumb"},"inLanguage":"fr-FR","potentialAction":[{"@type":"ReadAction","target":["https:\/\/www.didier-formet-photographie.com\/index.php\/2023\/11\/23\/zero-photoshop\/"]}]},{"@type":"BreadcrumbList","@id":"https:\/\/www.didier-formet-photographie.com\/index.php\/2023\/11\/23\/zero-photoshop\/#breadcrumb","itemListElement":[{"@type":"ListItem","position":1,"name":"Accueil","item":"https:\/\/www.didier-formet-photographie.com\/"},{"@type":"ListItem","position":2,"name":"Z\u00e9ro photoshop ?!"}]},{"@type":"WebSite","@id":"https:\/\/www.didier-formet-photographie.com\/#website","url":"https:\/\/www.didier-formet-photographie.com\/","name":"Didier Formet Photographie","description":"Votre portraitiste","publisher":{"@id":"https:\/\/www.didier-formet-photographie.com\/#\/schema\/person\/bfb3590d294173992e9f8043d8521864"},"potentialAction":[{"@type":"SearchAction","target":{"@type":"EntryPoint","urlTemplate":"https:\/\/www.didier-formet-photographie.com\/?s={search_term_string}"},"query-input":{"@type":"PropertyValueSpecification","valueRequired":true,"valueName":"search_term_string"}}],"inLanguage":"fr-FR"},{"@type":["Person","Organization"],"@id":"https:\/\/www.didier-formet-photographie.com\/#\/schema\/person\/bfb3590d294173992e9f8043d8521864","name":"Didier Formet","image":{"@type":"ImageObject","inLanguage":"fr-FR","@id":"https:\/\/www.didier-formet-photographie.com\/#\/schema\/person\/image\/","url":"https:\/\/www.didier-formet-photographie.com\/wp-content\/uploads\/2023\/11\/df-portraitiste-blanc-fond-bleu.jpg","contentUrl":"https:\/\/www.didier-formet-photographie.com\/wp-content\/uploads\/2023\/11\/df-portraitiste-blanc-fond-bleu.jpg","width":2481,"height":2481,"caption":"Didier Formet"},"logo":{"@id":"https:\/\/www.didier-formet-photographie.com\/#\/schema\/person\/image\/"},"description":"Consultant et photographe, deux vrais m\u00e9tiers que je fais coexister","sameAs":["http:\/\/www.didier-formet-photographie.com","https:\/\/www.facebook.com\/didierformetphotographe\/","https:\/\/www.instagram.com\/didierformetphotographie\/"],"url":"https:\/\/www.didier-formet-photographie.com\/index.php\/author\/deephe\/"}]}},"_links":{"self":[{"href":"https:\/\/www.didier-formet-photographie.com\/index.php\/wp-json\/wp\/v2\/posts\/3636","targetHints":{"allow":["GET"]}}],"collection":[{"href":"https:\/\/www.didier-formet-photographie.com\/index.php\/wp-json\/wp\/v2\/posts"}],"about":[{"href":"https:\/\/www.didier-formet-photographie.com\/index.php\/wp-json\/wp\/v2\/types\/post"}],"author":[{"embeddable":true,"href":"https:\/\/www.didier-formet-photographie.com\/index.php\/wp-json\/wp\/v2\/users\/1"}],"replies":[{"embeddable":true,"href":"https:\/\/www.didier-formet-photographie.com\/index.php\/wp-json\/wp\/v2\/comments?post=3636"}],"version-history":[{"count":2,"href":"https:\/\/www.didier-formet-photographie.com\/index.php\/wp-json\/wp\/v2\/posts\/3636\/revisions"}],"predecessor-version":[{"id":3746,"href":"https:\/\/www.didier-formet-photographie.com\/index.php\/wp-json\/wp\/v2\/posts\/3636\/revisions\/3746"}],"wp:attachment":[{"href":"https:\/\/www.didier-formet-photographie.com\/index.php\/wp-json\/wp\/v2\/media?parent=3636"}],"wp:term":[{"taxonomy":"category","embeddable":true,"href":"https:\/\/www.didier-formet-photographie.com\/index.php\/wp-json\/wp\/v2\/categories?post=3636"},{"taxonomy":"post_tag","embeddable":true,"href":"https:\/\/www.didier-formet-photographie.com\/index.php\/wp-json\/wp\/v2\/tags?post=3636"}],"curies":[{"name":"wp","href":"https:\/\/api.w.org\/{rel}","templated":true}]}}